{"id":143,"date":"2025-09-07T15:45:04","date_gmt":"2025-09-07T15:45:04","guid":{"rendered":"https:\/\/www.affittacamerecristalliclinicapiacenza.it\/home1\/?p=143"},"modified":"2025-09-22T18:19:48","modified_gmt":"2025-09-22T18:19:48","slug":"camera-athene","status":"publish","type":"post","link":"https:\/\/www.affittacamerecristalliclinicapiacenza.it\/home1\/camera-athene\/","title":{"rendered":"Camera Athene"},"content":{"rendered":"\n<div class=\"wp-block-group alignfull has-background-background-color has-background has-global-padding is-layout-constrained wp-container-core-group-is-layout-eb95d17d wp-block-group-is-layout-constrained\" style=\"margin-top:0;margin-bottom:0;padding-top:var(--wp--preset--spacing--60);padding-right:var(--wp--preset--spacing--30);padding-bottom:var(--wp--preset--spacing--60);padding-left:var(--wp--preset--spacing--30)\">\n<div class=\"wp-block-group alignwide has-global-padding is-content-justification-center is-layout-constrained wp-block-group-is-layout-constrained\">\n<h2 class=\"wp-block-heading has-text-align-center has-large-font-size\">Classe e raffinatezza<\/h2>\n\n\n\n<p class=\"has-text-align-center wp-block-paragraph\" style=\"margin-top:16px\">Benvenuti nella <strong>camera Athene<\/strong>, un&#8217;oasi di tranquillit\u00e0 e stile pensata per il vostro relax. L&#8217;arredamento elegante e raffinato, ispirato alla dea Atena, crea un ambiente sereno e accogliente, perfetto per una<strong> fuga dalla quotidianit\u00e0<\/strong>.<\/p>\n<\/div>\n\n\n\n<div class=\"wp-block-columns alignwide is-layout-flex wp-container-core-columns-is-layout-cb0a7ccb wp-block-columns-is-layout-flex\">\n<div class=\"wp-block-column is-layout-flow wp-block-column-is-layout-flow\" style=\"flex-basis:60%\">\n<div class=\"wp-block-group has-tertiary-background-color has-background is-layout-flow wp-container-core-group-is-layout-2c01bc2b wp-block-group-is-layout-flow\" style=\"border-radius:4px;min-height:100%;padding-top:0;padding-right:0;padding-bottom:0;padding-left:0\">\n<div class=\"wp-block-group has-global-padding is-layout-constrained wp-container-core-group-is-layout-5194b22f wp-block-group-is-layout-constrained\" style=\"padding-top:var(--wp--preset--spacing--30);padding-right:var(--wp--preset--spacing--30);padding-bottom:var(--wp--preset--spacing--40);padding-left:var(--wp--preset--spacing--30)\">\n<h3 class=\"wp-block-heading\" style=\"font-size:clamp(1.188rem, 1.188rem + ((1vw - 0.2rem) * 1.153), 1.88rem);line-height:1.5\">Relax e tranquillit\u00e0<\/h3>\n\n\n\n<p class=\"wp-block-paragraph\" style=\"margin-top:8px\">Il <strong>cuore della stanza<\/strong> \u00e8 il comodo letto matrimoniale con cuscini e <strong>lenzuola di alta qualit\u00e0<\/strong>, impreziosito da dettagli decorativi che richiamano la sapienza e la strategia della dea greca. <\/p>\n\n\n\n<p class=\"wp-block-paragraph\" style=\"margin-top:8px\">A vostra disposizione troverete anche un <strong>armadio a giorno e uno a muro<\/strong>, ideali per riporre i vostri abiti in modo ordinato, con specchi e luci soffuse per un tocco di eleganza.<\/p>\n<\/div>\n\n\n\n<figure class=\"wp-block-image size-large has-custom-border extendify-image-import\"><img width=\"1080\" height=\"720\" decoding=\"async\" loading=\"lazy\" src=\"https:\/\/www.affittacamerecristalliclinicapiacenza.it\/wp-content\/uploads\/2025\/09\/x2-edited-1.jpg\" alt=\"\" class=\"wp-image-147\" style=\"border-bottom-left-radius:4px;border-bottom-right-radius:4px;aspect-ratio:16\/9;object-fit:cover\" srcset=\"https:\/\/www.affittacamerecristalliclinicapiacenza.it\/wp-content\/uploads\/2025\/09\/x2-edited-1.jpg 1080w, https:\/\/www.affittacamerecristalliclinicapiacenza.it\/wp-content\/uploads\/2025\/09\/x2-edited-1-300x200.jpg 300w, https:\/\/www.affittacamerecristalliclinicapiacenza.it\/wp-content\/uploads\/2025\/09\/x2-edited-1-1024x683.jpg 1024w, https:\/\/www.affittacamerecristalliclinicapiacenza.it\/wp-content\/uploads\/2025\/09\/x2-edited-1-768x512.jpg 768w\" sizes=\"auto, (max-width: 1080px) 100vw, 1080px\" \/><\/figure>\n<\/div>\n<\/div>\n\n\n\n<div class=\"wp-block-column is-vertically-aligned-stretch is-layout-flow wp-block-column-is-layout-flow\" style=\"flex-basis:40%\">\n<div class=\"wp-block-group has-tertiary-background-color has-background is-layout-flow wp-container-core-group-is-layout-2c01bc2b wp-block-group-is-layout-flow\" style=\"border-radius:4px;min-height:100%;padding-top:0;padding-right:0;padding-bottom:0;padding-left:0\">\n<figure class=\"wp-block-image size-large has-custom-border extendify-image-import\"><img width=\"1024\" height=\"768\" decoding=\"async\" loading=\"lazy\" src=\"https:\/\/www.affittacamerecristalliclinicapiacenza.it\/wp-content\/uploads\/2025\/09\/Immagine-WhatsApp-2025-09-08-ore-14.16.45_8ae42f31-1024x768.jpg\" alt=\"camera athene affittacamere cristalli clinica piacenza\" class=\"wp-image-196\" style=\"border-top-left-radius:4px;border-top-right-radius:4px;aspect-ratio:4\/3;object-fit:cover\" srcset=\"https:\/\/www.affittacamerecristalliclinicapiacenza.it\/wp-content\/uploads\/2025\/09\/Immagine-WhatsApp-2025-09-08-ore-14.16.45_8ae42f31-1024x768.jpg 1024w, https:\/\/www.affittacamerecristalliclinicapiacenza.it\/wp-content\/uploads\/2025\/09\/Immagine-WhatsApp-2025-09-08-ore-14.16.45_8ae42f31-300x225.jpg 300w, https:\/\/www.affittacamerecristalliclinicapiacenza.it\/wp-content\/uploads\/2025\/09\/Immagine-WhatsApp-2025-09-08-ore-14.16.45_8ae42f31-768x576.jpg 768w, https:\/\/www.affittacamerecristalliclinicapiacenza.it\/wp-content\/uploads\/2025\/09\/Immagine-WhatsApp-2025-09-08-ore-14.16.45_8ae42f31-1536x1152.jpg 1536w, https:\/\/www.affittacamerecristalliclinicapiacenza.it\/wp-content\/uploads\/2025\/09\/Immagine-WhatsApp-2025-09-08-ore-14.16.45_8ae42f31.jpg 2016w\" sizes=\"auto, (max-width: 1024px) 100vw, 1024px\" \/><\/figure>\n\n\n\n<div class=\"wp-block-group has-global-padding is-layout-constrained wp-container-core-group-is-layout-3dbef34a wp-block-group-is-layout-constrained\" style=\"padding-top:var(--wp--preset--spacing--30);padding-right:var(--wp--preset--spacing--30);padding-bottom:var(--wp--preset--spacing--30);padding-left:var(--wp--preset--spacing--30)\">\n<h3 class=\"wp-block-heading\" style=\"font-size:clamp(1.188rem, 1.188rem + ((1vw - 0.2rem) * 1.153), 1.88rem);line-height:1.5\">Intrattenimento a 360\u00b0<\/h3>\n\n\n\n<p class=\"wp-block-paragraph\" style=\"margin-top:8px\">Una<a href=\"https:\/\/it.wikipedia.org\/wiki\/Smart_TV\" title=\"\"> <\/a><strong><a href=\"https:\/\/it.wikipedia.org\/wiki\/Smart_TV\" title=\"\">smart TV<\/a> a parete<\/strong> \u00e8 a disposizione per guardare i vostri programmi preferiti, mentre un tavolino con un mini-frigo e un bollitore vi permetter\u00e0 di prepararvi un caff\u00e8 o un t\u00e8 in qualsiasi momento. La stanza \u00e8 dotata di <strong>aria condizionata<\/strong> per una temperatura ideale in ogni stagione e di un balconcino privato che vi permetter\u00e0 di godervi la <strong>fresca aria esterna<\/strong>.<\/p>\n<\/div>\n<\/div>\n<\/div>\n<\/div>\n\n\n\n<figure class=\"wp-block-image size-full has-custom-border is-style-default\"><img width=\"604\" height=\"606\" decoding=\"async\" loading=\"lazy\" src=\"https:\/\/www.affittacamerecristalliclinicapiacenza.it\/wp-content\/uploads\/2025\/09\/Immagine-WhatsApp-2025-09-21-ore-09.45.58_9d4b5521.jpg\" alt=\"\" class=\"wp-image-216\" style=\"border-radius:56px\" srcset=\"https:\/\/www.affittacamerecristalliclinicapiacenza.it\/wp-content\/uploads\/2025\/09\/Immagine-WhatsApp-2025-09-21-ore-09.45.58_9d4b5521.jpg 604w, https:\/\/www.affittacamerecristalliclinicapiacenza.it\/wp-content\/uploads\/2025\/09\/Immagine-WhatsApp-2025-09-21-ore-09.45.58_9d4b5521-300x300.jpg 300w, https:\/\/www.affittacamerecristalliclinicapiacenza.it\/wp-content\/uploads\/2025\/09\/Immagine-WhatsApp-2025-09-21-ore-09.45.58_9d4b5521-150x150.jpg 150w\" sizes=\"auto, (max-width: 604px) 100vw, 604px\" \/><\/figure>\n\n\n\n<div class=\"wp-block-columns alignwide is-layout-flex wp-container-core-columns-is-layout-977e1f8e wp-block-columns-is-layout-flex\" style=\"margin-top:var(--wp--preset--spacing--30)\">\n<div class=\"wp-block-column is-vertically-aligned-stretch is-layout-flow wp-block-column-is-layout-flow\">\n<div class=\"wp-block-group has-tertiary-background-color has-background is-layout-flow wp-container-core-group-is-layout-2c01bc2b wp-block-group-is-layout-flow\" style=\"border-radius:4px;min-height:100%;padding-top:0;padding-right:0;padding-bottom:0;padding-left:0\">\n<figure class=\"wp-block-image size-large has-custom-border extendify-image-import\"><img width=\"461\" height=\"1024\" decoding=\"async\" loading=\"lazy\" src=\"https:\/\/www.affittacamerecristalliclinicapiacenza.it\/wp-content\/uploads\/2025\/09\/Immagine-WhatsApp-2025-09-03-ore-22.01.38_753d913c-1-461x1024.jpg\" alt=\"\" class=\"wp-image-151\" style=\"border-top-left-radius:4px;border-top-right-radius:4px;aspect-ratio:16\/9;object-fit:cover\" srcset=\"https:\/\/www.affittacamerecristalliclinicapiacenza.it\/wp-content\/uploads\/2025\/09\/Immagine-WhatsApp-2025-09-03-ore-22.01.38_753d913c-1-461x1024.jpg 461w, https:\/\/www.affittacamerecristalliclinicapiacenza.it\/wp-content\/uploads\/2025\/09\/Immagine-WhatsApp-2025-09-03-ore-22.01.38_753d913c-1-135x300.jpg 135w, https:\/\/www.affittacamerecristalliclinicapiacenza.it\/wp-content\/uploads\/2025\/09\/Immagine-WhatsApp-2025-09-03-ore-22.01.38_753d913c-1-691x1536.jpg 691w, https:\/\/www.affittacamerecristalliclinicapiacenza.it\/wp-content\/uploads\/2025\/09\/Immagine-WhatsApp-2025-09-03-ore-22.01.38_753d913c-1.jpg 720w\" sizes=\"auto, (max-width: 461px) 100vw, 461px\" \/><\/figure>\n\n\n\n<div class=\"wp-block-group has-global-padding is-layout-constrained wp-container-core-group-is-layout-3dbef34a wp-block-group-is-layout-constrained\" style=\"padding-top:var(--wp--preset--spacing--30);padding-right:var(--wp--preset--spacing--30);padding-bottom:var(--wp--preset--spacing--30);padding-left:var(--wp--preset--spacing--30)\">\n<h3 class=\"wp-block-heading\" style=\"font-size:clamp(1.188rem, 1.188rem + ((1vw - 0.2rem) * 1.153), 1.88rem);line-height:1.5\">Bagno con tutti i comfort<\/h3>\n\n\n\n<p class=\"wp-block-paragraph\" style=\"margin-top:8px\">La <a href=\"https:\/\/www.affittacamerecristalliclinicapiacenza.it\/home1\/\" title=\"Home\"><strong>stanza <\/strong><\/a>include un bagno privato adiacente, completo di un moderno <strong>box doccia, lavabo e asciugacapelli<\/strong> per la vostra comodit\u00e0, impreziosito da dettagli in marmo e specchi per un tocco di lusso.<\/p>\n<\/div>\n<\/div>\n<\/div>\n\n\n\n<div class=\"wp-block-column is-vertically-aligned-stretch is-layout-flow wp-block-column-is-layout-flow\">\n<div class=\"wp-block-group has-tertiary-background-color has-background is-layout-flow wp-container-core-group-is-layout-2c01bc2b wp-block-group-is-layout-flow\" style=\"border-radius:4px;min-height:100%;padding-top:0;padding-right:0;padding-bottom:0;padding-left:0\">\n<figure class=\"wp-block-image size-large has-custom-border extendify-image-import\"><img width=\"2016\" height=\"1134\" decoding=\"async\" loading=\"lazy\" src=\"https:\/\/www.affittacamerecristalliclinicapiacenza.it\/wp-content\/uploads\/2025\/09\/Immagine-WhatsApp-2025-09-07-ore-12.19.37_e6f2e5d9-edited.jpg\" alt=\"Camera Athene Affittacamere Cristalli Clinica Piacenza\" class=\"wp-image-150\" style=\"border-top-left-radius:4px;border-top-right-radius:4px;aspect-ratio:16\/9;object-fit:cover\" srcset=\"https:\/\/www.affittacamerecristalliclinicapiacenza.it\/wp-content\/uploads\/2025\/09\/Immagine-WhatsApp-2025-09-07-ore-12.19.37_e6f2e5d9-edited.jpg 2016w, https:\/\/www.affittacamerecristalliclinicapiacenza.it\/wp-content\/uploads\/2025\/09\/Immagine-WhatsApp-2025-09-07-ore-12.19.37_e6f2e5d9-edited-300x169.jpg 300w, https:\/\/www.affittacamerecristalliclinicapiacenza.it\/wp-content\/uploads\/2025\/09\/Immagine-WhatsApp-2025-09-07-ore-12.19.37_e6f2e5d9-edited-1024x576.jpg 1024w, https:\/\/www.affittacamerecristalliclinicapiacenza.it\/wp-content\/uploads\/2025\/09\/Immagine-WhatsApp-2025-09-07-ore-12.19.37_e6f2e5d9-edited-768x432.jpg 768w, https:\/\/www.affittacamerecristalliclinicapiacenza.it\/wp-content\/uploads\/2025\/09\/Immagine-WhatsApp-2025-09-07-ore-12.19.37_e6f2e5d9-edited-1536x864.jpg 1536w\" sizes=\"auto, (max-width: 2016px) 100vw, 2016px\" \/><\/figure>\n\n\n\n<div class=\"wp-block-group has-global-padding is-layout-constrained wp-container-core-group-is-layout-3dbef34a wp-block-group-is-layout-constrained\" style=\"padding-top:var(--wp--preset--spacing--30);padding-right:var(--wp--preset--spacing--30);padding-bottom:var(--wp--preset--spacing--30);padding-left:var(--wp--preset--spacing--30)\">\n<h3 class=\"wp-block-heading\" style=\"font-size:clamp(1.188rem, 1.188rem + ((1vw - 0.2rem) * 1.153), 1.88rem);line-height:1.5\">Raffinatezza e luce<\/h3>\n\n\n\n<p class=\"wp-block-paragraph\" style=\"margin-top:8px\">L&#8217;ambiente \u00e8 luminoso e curato, pensato per offrire il<strong> massimo del comfort e del lusso <\/strong>durante il vostro soggiorno, con un tocco di eleganza e raffinatezza che vi far\u00e0 sentire&nbsp;come&nbsp;dei.<\/p>\n<\/div>\n<\/div>\n<\/div>\n<\/div>\n\n\n\n<div class=\"wp-block-buttons is-content-justification-center is-layout-flex wp-container-core-buttons-is-layout-e1550025 wp-block-buttons-is-layout-flex\">\n<div class=\"wp-block-button\"><a class=\"wp-block-button__link wp-element-button\" href=\"#extendify-use-case-cta\">Scopri di pi\u00f9<\/a><\/div>\n<\/div>\n<\/div>\n\n\n\n<ul class=\"wp-block-list\">\n<li><strong>Prezzi per notte<\/strong><\/li>\n<\/ul>\n\n\n\n<p class=\"wp-block-paragraph\"><\/p>\n\n\n\n<div class=\"wp-block-group alignfull has-background-background-color has-background has-global-padding is-layout-constrained wp-container-core-group-is-layout-3ce30fdd wp-block-group-is-layout-constrained\" style=\"border-top-width:1px;margin-top:0;margin-bottom:0;padding-top:var(--wp--preset--spacing--60);padding-right:var(--wp--preset--spacing--30);padding-bottom:var(--wp--preset--spacing--60);padding-left:var(--wp--preset--spacing--30)\">\n<div class=\"wp-block-group alignwide is-vertical is-layout-flex wp-container-core-group-is-layout-fa9245c9 wp-block-group-is-layout-flex\">\n<div class=\"wp-block-group has-global-padding is-layout-constrained wp-block-group-is-layout-constrained\">\n<h2 class=\"wp-block-heading has-large-font-size\">Prenota ora via Whatsapp<\/h2>\n\n\n\n<p class=\"wp-block-paragraph\" style=\"margin-top:16px\">Prenota ora cliccando nel <strong>form <\/strong>sottostante tramite <strong>whatsapp<\/strong>.<\/p>\n<\/div>\n<\/div>\n\n\n\n<div class=\"wp-block-columns alignwide is-layout-flex wp-container-core-columns-is-layout-33c6b508 wp-block-columns-is-layout-flex\" style=\"margin-top:var(--wp--preset--spacing--50)\">\n<div class=\"wp-block-column is-layout-flow wp-block-column-is-layout-flow\" style=\"border-width:1px\">\n<div class=\"wp-block-group has-global-padding is-layout-constrained wp-container-core-group-is-layout-a99a4059 wp-block-group-is-layout-constrained\" style=\"padding-top:var(--wp--preset--spacing--40);padding-right:var(--wp--preset--spacing--30);padding-bottom:var(--wp--preset--spacing--40);padding-left:var(--wp--preset--spacing--30)\">\n<h2 class=\"wp-block-heading\" style=\"margin-top:12px\">A partire da \u20ac80,00<\/h2>\n\n\n\n<h3 class=\"wp-block-heading\" style=\"margin-top:16px;font-size:clamp(14px, 0.875rem + ((1vw - 3.2px) * 0.625), 20px);\">Per notte<\/h3>\n\n\n\n<p class=\"has-small-font-size wp-block-paragraph\" style=\"margin-top:var(--wp--preset--spacing--40)\"><strong>Colazione al bar e wifi incluso.<\/strong><\/p>\n\n\n\n<div class=\"wp-block-buttons is-layout-flex wp-block-buttons-is-layout-flex\" style=\"margin-top:var(--wp--preset--spacing--40)\">\n<div class=\"wp-block-button has-custom-width wp-block-button__width-100\"><a class=\"wp-block-button__link wp-element-button\" href=\"https:\/\/wa.me\/393383408278?text=Vorrei%20prenotare%20una%20stanza\">Prenota ora<\/a><\/div>\n<\/div>\n<\/div>\n<\/div>\n<\/div>\n<\/div>\n","protected":false},"excerpt":{"rendered":"<p>Classe e raffinatezza Benvenuti nella camera Athene, un&#8217;oasi di tranquillit\u00e0 e stile pensata per il vostro relax. L&#8217;arredamento elegante e raffinato, ispirato alla dea Atena, crea un ambiente sereno e accogliente, perfetto per una fuga dalla quotidianit\u00e0. Relax e tranquillit\u00e0 Il cuore della stanza \u00e8 il comodo letto matrimoniale con cuscini e lenzuola di alta [&hellip;]<\/p>\n","protected":false},"author":1,"featured_media":145,"comment_status":"open","ping_status":"open","sticky":false,"template":"","format":"standard","meta":{"footnotes":""},"categories":[1],"tags":[5,8,6],"class_list":["post-143","post","type-post","status-publish","format-standard","has-post-thumbnail","hentry","category-uncategorized","tag-affittacamere-cristalli","tag-camera-athene","tag-clinica-piacenza"],"aioseo_notices":[],"_links":{"self":[{"href":"https:\/\/www.affittacamerecristalliclinicapiacenza.it\/home1\/wp-json\/wp\/v2\/posts\/143","targetHints":{"allow":["GET"]}}],"collection":[{"href":"https:\/\/www.affittacamerecristalliclinicapiacenza.it\/home1\/wp-json\/wp\/v2\/posts"}],"about":[{"href":"https:\/\/www.affittacamerecristalliclinicapiacenza.it\/home1\/wp-json\/wp\/v2\/types\/post"}],"author":[{"embeddable":true,"href":"https:\/\/www.affittacamerecristalliclinicapiacenza.it\/home1\/wp-json\/wp\/v2\/users\/1"}],"replies":[{"embeddable":true,"href":"https:\/\/www.affittacamerecristalliclinicapiacenza.it\/home1\/wp-json\/wp\/v2\/comments?post=143"}],"version-history":[{"count":8,"href":"https:\/\/www.affittacamerecristalliclinicapiacenza.it\/home1\/wp-json\/wp\/v2\/posts\/143\/revisions"}],"predecessor-version":[{"id":218,"href":"https:\/\/www.affittacamerecristalliclinicapiacenza.it\/home1\/wp-json\/wp\/v2\/posts\/143\/revisions\/218"}],"wp:featuredmedia":[{"embeddable":true,"href":"https:\/\/www.affittacamerecristalliclinicapiacenza.it\/home1\/wp-json\/wp\/v2\/media\/145"}],"wp:attachment":[{"href":"https:\/\/www.affittacamerecristalliclinicapiacenza.it\/home1\/wp-json\/wp\/v2\/media?parent=143"}],"wp:term":[{"taxonomy":"category","embeddable":true,"href":"https:\/\/www.affittacamerecristalliclinicapiacenza.it\/home1\/wp-json\/wp\/v2\/categories?post=143"},{"taxonomy":"post_tag","embeddable":true,"href":"https:\/\/www.affittacamerecristalliclinicapiacenza.it\/home1\/wp-json\/wp\/v2\/tags?post=143"}],"curies":[{"name":"wp","href":"https:\/\/api.w.org\/{rel}","templated":true}]}}