{"id":112,"date":"2025-09-07T14:14:27","date_gmt":"2025-09-07T14:14:27","guid":{"rendered":"https:\/\/www.affittacamerecristalliclinicapiacenza.it\/home1\/?p=112"},"modified":"2025-09-14T11:50:06","modified_gmt":"2025-09-14T11:50:06","slug":"camera-venice","status":"publish","type":"post","link":"https:\/\/www.affittacamerecristalliclinicapiacenza.it\/home1\/camera-venice\/","title":{"rendered":"Camera Venice"},"content":{"rendered":"\n<div class=\"wp-block-group alignfull has-background-background-color has-background has-global-padding is-layout-constrained wp-container-core-group-is-layout-eb95d17d wp-block-group-is-layout-constrained\" style=\"margin-top:0;margin-bottom:0;padding-top:var(--wp--preset--spacing--60);padding-right:var(--wp--preset--spacing--30);padding-bottom:var(--wp--preset--spacing--60);padding-left:var(--wp--preset--spacing--30)\">\n<div class=\"wp-block-group alignwide has-global-padding is-content-justification-center is-layout-constrained wp-block-group-is-layout-constrained\">\n<h2 class=\"wp-block-heading has-text-align-center has-large-font-size\"><strong>Un rifugio di comfort e di benessere<\/strong><\/h2>\n\n\n\n<p class=\"has-text-align-center wp-block-paragraph\" style=\"margin-top:16px\">La <strong>Camera Venice<\/strong> \u00e8 pensata per chi cerca un soggiorno rilassante, funzionale e ricco di dettagli curati. <\/p>\n\n\n\n<p class=\"has-text-align-center wp-block-paragraph\" style=\"margin-top:16px\">Situata in una <strong>struttura accogliente e moderna<\/strong>, questa sistemazione unisce il calore di un <strong>ambiente familiare<\/strong> con i servizi di alta qualit\u00e0, ideali sia per<strong> brevi soggiorni<\/strong> che per permanenze pi\u00f9 lunghe. <\/p>\n\n\n\n<p class=\"has-text-align-center wp-block-paragraph\" style=\"margin-top:16px\">Ogni elemento \u00e8 stato selezionato per offrire agli ospiti un\u2019esperienza piacevole, all\u2019insegna della <strong>comodit\u00e0 <\/strong>e del <strong>benessere<\/strong>.<\/p>\n<\/div>\n\n\n\n<div class=\"wp-block-columns alignwide is-layout-flex wp-container-core-columns-is-layout-cb0a7ccb wp-block-columns-is-layout-flex\">\n<div class=\"wp-block-column is-layout-flow wp-block-column-is-layout-flow\" style=\"flex-basis:60%\">\n<div class=\"wp-block-group has-tertiary-background-color has-background is-layout-flow wp-container-core-group-is-layout-2c01bc2b wp-block-group-is-layout-flow\" style=\"border-radius:4px;min-height:100%;padding-top:0;padding-right:0;padding-bottom:0;padding-left:0\">\n<div class=\"wp-block-group has-global-padding is-layout-constrained wp-container-core-group-is-layout-5194b22f wp-block-group-is-layout-constrained\" style=\"padding-top:var(--wp--preset--spacing--30);padding-right:var(--wp--preset--spacing--30);padding-bottom:var(--wp--preset--spacing--40);padding-left:var(--wp--preset--spacing--30)\">\n<h3 class=\"wp-block-heading\" style=\"font-size:clamp(1.188rem, 1.188rem + ((1vw - 0.2rem) * 1.153), 1.88rem);line-height:1.5\"><strong>Ambiente completo<\/strong><\/h3>\n\n\n\n<p class=\"wp-block-paragraph\" style=\"margin-top:8px\">Quest&#8217;appartamento comprende una stanza da letto, un soggiorno con angolo cottura e un bagno. Pu\u00f2 ospitare fino a quattro persone (letto matrimoniale e divano-letto).&nbsp;<\/p>\n<\/div>\n\n\n\n<figure class=\"wp-block-image size-large has-custom-border extendify-image-import\"><img width=\"461\" height=\"1024\" decoding=\"async\" loading=\"lazy\" src=\"https:\/\/www.affittacamerecristalliclinicapiacenza.it\/wp-content\/uploads\/2025\/09\/Immagine-WhatsApp-2025-09-03-ore-22.01.33_963d6f15-461x1024.jpg\" alt=\"\" class=\"wp-image-114\" style=\"border-bottom-left-radius:4px;border-bottom-right-radius:4px;aspect-ratio:16\/9;object-fit:cover\" srcset=\"https:\/\/www.affittacamerecristalliclinicapiacenza.it\/wp-content\/uploads\/2025\/09\/Immagine-WhatsApp-2025-09-03-ore-22.01.33_963d6f15-461x1024.jpg 461w, https:\/\/www.affittacamerecristalliclinicapiacenza.it\/wp-content\/uploads\/2025\/09\/Immagine-WhatsApp-2025-09-03-ore-22.01.33_963d6f15-135x300.jpg 135w, https:\/\/www.affittacamerecristalliclinicapiacenza.it\/wp-content\/uploads\/2025\/09\/Immagine-WhatsApp-2025-09-03-ore-22.01.33_963d6f15-691x1536.jpg 691w, https:\/\/www.affittacamerecristalliclinicapiacenza.it\/wp-content\/uploads\/2025\/09\/Immagine-WhatsApp-2025-09-03-ore-22.01.33_963d6f15.jpg 720w\" sizes=\"auto, (max-width: 461px) 100vw, 461px\" \/><\/figure>\n<\/div>\n<\/div>\n\n\n\n<div class=\"wp-block-column is-vertically-aligned-stretch is-layout-flow wp-block-column-is-layout-flow\" style=\"flex-basis:40%\">\n<div class=\"wp-block-group has-tertiary-background-color has-background is-layout-flow wp-container-core-group-is-layout-2c01bc2b wp-block-group-is-layout-flow\" style=\"border-radius:4px;min-height:100%;padding-top:0;padding-right:0;padding-bottom:0;padding-left:0\">\n<figure class=\"wp-block-image size-large has-custom-border extendify-image-import\"><img width=\"461\" height=\"1024\" decoding=\"async\" loading=\"lazy\" src=\"https:\/\/www.affittacamerecristalliclinicapiacenza.it\/wp-content\/uploads\/2025\/09\/Immagine-WhatsApp-2025-09-03-ore-22.01.33_e6aac961-461x1024.jpg\" alt=\"\" class=\"wp-image-113\" style=\"border-top-left-radius:4px;border-top-right-radius:4px;aspect-ratio:4\/3;object-fit:cover\" srcset=\"https:\/\/www.affittacamerecristalliclinicapiacenza.it\/wp-content\/uploads\/2025\/09\/Immagine-WhatsApp-2025-09-03-ore-22.01.33_e6aac961-461x1024.jpg 461w, https:\/\/www.affittacamerecristalliclinicapiacenza.it\/wp-content\/uploads\/2025\/09\/Immagine-WhatsApp-2025-09-03-ore-22.01.33_e6aac961-135x300.jpg 135w, https:\/\/www.affittacamerecristalliclinicapiacenza.it\/wp-content\/uploads\/2025\/09\/Immagine-WhatsApp-2025-09-03-ore-22.01.33_e6aac961-691x1536.jpg 691w, https:\/\/www.affittacamerecristalliclinicapiacenza.it\/wp-content\/uploads\/2025\/09\/Immagine-WhatsApp-2025-09-03-ore-22.01.33_e6aac961.jpg 720w\" sizes=\"auto, (max-width: 461px) 100vw, 461px\" \/><\/figure>\n\n\n\n<div class=\"wp-block-group has-global-padding is-layout-constrained wp-container-core-group-is-layout-3dbef34a wp-block-group-is-layout-constrained\" style=\"padding-top:var(--wp--preset--spacing--30);padding-right:var(--wp--preset--spacing--30);padding-bottom:var(--wp--preset--spacing--30);padding-left:var(--wp--preset--spacing--30)\">\n<h3 class=\"wp-block-heading\" style=\"font-size:clamp(1.188rem, 1.188rem + ((1vw - 0.2rem) * 1.153), 1.88rem);line-height:1.5\"><strong>Connettivit\u00e0 e intrattenimento<\/strong><\/h3>\n\n\n\n<p class=\"wp-block-paragraph\" style=\"margin-top:8px\">La struttura offre Wi-Fi gratuito in tutti gli ambienti, garantendo una connessione stabile e veloce. Sono presenti due televisori: uno da 45&#8243; nel soggiorno per momenti di relax e uno da 24&#8243; nella stanza da letto per un intrattenimento pi\u00f9 riservato.<\/p>\n<\/div>\n<\/div>\n<\/div>\n<\/div>\n\n\n\n<div class=\"wp-block-columns alignwide is-layout-flex wp-container-core-columns-is-layout-977e1f8e wp-block-columns-is-layout-flex\" style=\"margin-top:var(--wp--preset--spacing--30)\">\n<div class=\"wp-block-column is-vertically-aligned-stretch is-layout-flow wp-block-column-is-layout-flow\">\n<div class=\"wp-block-group has-tertiary-background-color has-background is-layout-flow wp-container-core-group-is-layout-2c01bc2b wp-block-group-is-layout-flow\" style=\"border-radius:4px;min-height:100%;padding-top:0;padding-right:0;padding-bottom:0;padding-left:0\">\n<figure class=\"wp-block-image size-large has-custom-border extendify-image-import\"><img width=\"461\" height=\"1024\" decoding=\"async\" loading=\"lazy\" src=\"https:\/\/www.affittacamerecristalliclinicapiacenza.it\/wp-content\/uploads\/2025\/09\/Immagine-WhatsApp-2025-09-03-ore-22.01.33_340623f3-461x1024.jpg\" alt=\"\" class=\"wp-image-115\" style=\"border-top-left-radius:4px;border-top-right-radius:4px;aspect-ratio:16\/9;object-fit:cover\" srcset=\"https:\/\/www.affittacamerecristalliclinicapiacenza.it\/wp-content\/uploads\/2025\/09\/Immagine-WhatsApp-2025-09-03-ore-22.01.33_340623f3-461x1024.jpg 461w, https:\/\/www.affittacamerecristalliclinicapiacenza.it\/wp-content\/uploads\/2025\/09\/Immagine-WhatsApp-2025-09-03-ore-22.01.33_340623f3-135x300.jpg 135w, https:\/\/www.affittacamerecristalliclinicapiacenza.it\/wp-content\/uploads\/2025\/09\/Immagine-WhatsApp-2025-09-03-ore-22.01.33_340623f3-691x1536.jpg 691w, https:\/\/www.affittacamerecristalliclinicapiacenza.it\/wp-content\/uploads\/2025\/09\/Immagine-WhatsApp-2025-09-03-ore-22.01.33_340623f3.jpg 720w\" sizes=\"auto, (max-width: 461px) 100vw, 461px\" \/><\/figure>\n\n\n\n<div class=\"wp-block-group has-global-padding is-layout-constrained wp-container-core-group-is-layout-3dbef34a wp-block-group-is-layout-constrained\" style=\"padding-top:var(--wp--preset--spacing--30);padding-right:var(--wp--preset--spacing--30);padding-bottom:var(--wp--preset--spacing--30);padding-left:var(--wp--preset--spacing--30)\">\n<h3 class=\"wp-block-heading\" style=\"font-size:clamp(1.188rem, 1.188rem + ((1vw - 0.2rem) * 1.153), 1.88rem);line-height:1.5\"><strong>Dotazioni aggiuntive<\/strong><\/h3>\n\n\n\n<p class=\"wp-block-paragraph\" style=\"margin-top:8px\">La camera \u00e8 provvista di scrivania, riscaldamento e aria condizionata per il massimo comfort in ogni stagione. \u00c8 presente una lavastoviglie per una gestione pratica del soggiorno, oltre a un set di cortesia e biancheria di alta qualit\u00e0, pensati per coccolare ogni ospite.<\/p>\n<\/div>\n<\/div>\n<\/div>\n\n\n\n<div class=\"wp-block-column is-vertically-aligned-stretch is-layout-flow wp-block-column-is-layout-flow\">\n<div class=\"wp-block-group has-tertiary-background-color has-background is-layout-flow wp-container-core-group-is-layout-2c01bc2b wp-block-group-is-layout-flow\" style=\"border-radius:4px;min-height:100%;padding-top:0;padding-right:0;padding-bottom:0;padding-left:0\">\n<figure class=\"wp-block-image size-large has-custom-border extendify-image-import\"><img width=\"461\" height=\"1024\" decoding=\"async\" loading=\"lazy\" src=\"https:\/\/www.affittacamerecristalliclinicapiacenza.it\/wp-content\/uploads\/2025\/09\/Immagine-WhatsApp-2025-09-03-ore-22.01.34_73958c65-461x1024.jpg\" alt=\"\" class=\"wp-image-116\" style=\"border-top-left-radius:4px;border-top-right-radius:4px;aspect-ratio:16\/9;object-fit:cover\" srcset=\"https:\/\/www.affittacamerecristalliclinicapiacenza.it\/wp-content\/uploads\/2025\/09\/Immagine-WhatsApp-2025-09-03-ore-22.01.34_73958c65-461x1024.jpg 461w, https:\/\/www.affittacamerecristalliclinicapiacenza.it\/wp-content\/uploads\/2025\/09\/Immagine-WhatsApp-2025-09-03-ore-22.01.34_73958c65-135x300.jpg 135w, https:\/\/www.affittacamerecristalliclinicapiacenza.it\/wp-content\/uploads\/2025\/09\/Immagine-WhatsApp-2025-09-03-ore-22.01.34_73958c65-691x1536.jpg 691w, https:\/\/www.affittacamerecristalliclinicapiacenza.it\/wp-content\/uploads\/2025\/09\/Immagine-WhatsApp-2025-09-03-ore-22.01.34_73958c65.jpg 720w\" sizes=\"auto, (max-width: 461px) 100vw, 461px\" \/><\/figure>\n\n\n\n<div class=\"wp-block-group has-global-padding is-layout-constrained wp-container-core-group-is-layout-3dbef34a wp-block-group-is-layout-constrained\" style=\"padding-top:var(--wp--preset--spacing--30);padding-right:var(--wp--preset--spacing--30);padding-bottom:var(--wp--preset--spacing--30);padding-left:var(--wp--preset--spacing--30)\">\n<h3 class=\"wp-block-heading\" style=\"font-size:clamp(1.188rem, 1.188rem + ((1vw - 0.2rem) * 1.153), 1.88rem);line-height:1.5\"><strong>Comfort e servizi igienici<\/strong><\/h3>\n\n\n\n<p class=\"wp-block-paragraph\" style=\"margin-top:8px\">Il bagno privato \u00e8 completo e funzionale: include doccia, lavabo, WC, bidet, asciugacapelli e scaldasalviette. L\u2019ambiente \u00e8 pensato per offrire privacy e comodit\u00e0, con finiture curate e accessori di qualit\u00e0.<\/p>\n<\/div>\n<\/div>\n<\/div>\n<\/div>\n\n\n\n<figure class=\"wp-block-image size-full is-style-rounded\"><img width=\"784\" height=\"589\" decoding=\"async\" loading=\"lazy\" src=\"https:\/\/www.affittacamerecristalliclinicapiacenza.it\/wp-content\/uploads\/2025\/09\/Immagine-WhatsApp-2025-09-09-ore-23.08.36_acdac965.jpg\" alt=\"\" class=\"wp-image-204\" srcset=\"https:\/\/www.affittacamerecristalliclinicapiacenza.it\/wp-content\/uploads\/2025\/09\/Immagine-WhatsApp-2025-09-09-ore-23.08.36_acdac965.jpg 784w, https:\/\/www.affittacamerecristalliclinicapiacenza.it\/wp-content\/uploads\/2025\/09\/Immagine-WhatsApp-2025-09-09-ore-23.08.36_acdac965-300x225.jpg 300w, https:\/\/www.affittacamerecristalliclinicapiacenza.it\/wp-content\/uploads\/2025\/09\/Immagine-WhatsApp-2025-09-09-ore-23.08.36_acdac965-768x577.jpg 768w\" sizes=\"auto, (max-width: 784px) 100vw, 784px\" \/><\/figure>\n\n\n\n<div class=\"wp-block-buttons is-content-justification-center is-layout-flex wp-container-core-buttons-is-layout-e1550025 wp-block-buttons-is-layout-flex\">\n<div class=\"wp-block-button\"><a class=\"wp-block-button__link wp-element-button\" href=\"#extendify-use-case-cta\">Scopri di pi\u00f9<\/a><\/div>\n<\/div>\n<\/div>\n\n\n\n<div class=\"wp-block-group alignfull has-background-background-color has-background has-global-padding is-layout-constrained wp-container-core-group-is-layout-3ce30fdd wp-block-group-is-layout-constrained\" style=\"border-top-width:1px;margin-top:0;margin-bottom:0;padding-top:var(--wp--preset--spacing--60);padding-right:var(--wp--preset--spacing--30);padding-bottom:var(--wp--preset--spacing--60);padding-left:var(--wp--preset--spacing--30)\">\n<div class=\"wp-block-group alignwide is-vertical is-layout-flex wp-container-core-group-is-layout-fa9245c9 wp-block-group-is-layout-flex\">\n<div class=\"wp-block-group has-global-padding is-layout-constrained wp-block-group-is-layout-constrained\">\n<h2 class=\"wp-block-heading has-large-font-size\">Prenota ora tramite Whatsapp<\/h2>\n\n\n\n<p class=\"wp-block-paragraph\" style=\"margin-top:16px\">Prenota ora cliccando nel <strong>form <\/strong>sottostante tramite <strong>whatsapp<\/strong>.<\/p>\n<\/div>\n<\/div>\n\n\n\n<div class=\"wp-block-columns alignwide is-layout-flex wp-container-core-columns-is-layout-33c6b508 wp-block-columns-is-layout-flex\" style=\"margin-top:var(--wp--preset--spacing--50)\">\n<div class=\"wp-block-column is-layout-flow wp-block-column-is-layout-flow\" style=\"border-width:1px\">\n<div class=\"wp-block-group has-global-padding is-layout-constrained wp-container-core-group-is-layout-a99a4059 wp-block-group-is-layout-constrained\" style=\"padding-top:var(--wp--preset--spacing--40);padding-right:var(--wp--preset--spacing--30);padding-bottom:var(--wp--preset--spacing--40);padding-left:var(--wp--preset--spacing--30)\">\n<h2 class=\"wp-block-heading\" style=\"margin-top:12px\">A partire da \u20ac80,00<\/h2>\n\n\n\n<h3 class=\"wp-block-heading\" style=\"margin-top:16px;font-size:clamp(14px, 0.875rem + ((1vw - 3.2px) * 0.625), 20px);\">Per notte<\/h3>\n\n\n\n<p class=\"has-small-font-size wp-block-paragraph\" style=\"margin-top:var(--wp--preset--spacing--40)\"><strong>Colazione al bar e wifi incluso.<\/strong><\/p>\n\n\n\n<div class=\"wp-block-buttons is-layout-flex wp-block-buttons-is-layout-flex\" style=\"margin-top:var(--wp--preset--spacing--40)\">\n<div class=\"wp-block-button has-custom-width wp-block-button__width-100\"><a class=\"wp-block-button__link wp-element-button\" href=\"https:\/\/wa.me\/393383408278?text=Vorrei%20prenotare%20una%20stanza\">Prenota ora <\/a><\/div>\n<\/div>\n<\/div>\n<\/div>\n<\/div>\n<\/div>\n","protected":false},"excerpt":{"rendered":"<p>Un rifugio di comfort e di benessere La Camera Venice \u00e8 pensata per chi cerca un soggiorno rilassante, funzionale e ricco di dettagli curati. Situata in una struttura accogliente e moderna, questa sistemazione unisce il calore di un ambiente familiare con i servizi di alta qualit\u00e0, ideali sia per brevi soggiorni che per permanenze pi\u00f9 [&hellip;]<\/p>\n","protected":false},"author":1,"featured_media":113,"comment_status":"open","ping_status":"open","sticky":false,"template":"","format":"standard","meta":{"footnotes":""},"categories":[1],"tags":[5,6],"class_list":["post-112","post","type-post","status-publish","format-standard","has-post-thumbnail","hentry","category-uncategorized","tag-affittacamere-cristalli","tag-clinica-piacenza"],"aioseo_notices":[],"_links":{"self":[{"href":"https:\/\/www.affittacamerecristalliclinicapiacenza.it\/home1\/wp-json\/wp\/v2\/posts\/112","targetHints":{"allow":["GET"]}}],"collection":[{"href":"https:\/\/www.affittacamerecristalliclinicapiacenza.it\/home1\/wp-json\/wp\/v2\/posts"}],"about":[{"href":"https:\/\/www.affittacamerecristalliclinicapiacenza.it\/home1\/wp-json\/wp\/v2\/types\/post"}],"author":[{"embeddable":true,"href":"https:\/\/www.affittacamerecristalliclinicapiacenza.it\/home1\/wp-json\/wp\/v2\/users\/1"}],"replies":[{"embeddable":true,"href":"https:\/\/www.affittacamerecristalliclinicapiacenza.it\/home1\/wp-json\/wp\/v2\/comments?post=112"}],"version-history":[{"count":6,"href":"https:\/\/www.affittacamerecristalliclinicapiacenza.it\/home1\/wp-json\/wp\/v2\/posts\/112\/revisions"}],"predecessor-version":[{"id":215,"href":"https:\/\/www.affittacamerecristalliclinicapiacenza.it\/home1\/wp-json\/wp\/v2\/posts\/112\/revisions\/215"}],"wp:featuredmedia":[{"embeddable":true,"href":"https:\/\/www.affittacamerecristalliclinicapiacenza.it\/home1\/wp-json\/wp\/v2\/media\/113"}],"wp:attachment":[{"href":"https:\/\/www.affittacamerecristalliclinicapiacenza.it\/home1\/wp-json\/wp\/v2\/media?parent=112"}],"wp:term":[{"taxonomy":"category","embeddable":true,"href":"https:\/\/www.affittacamerecristalliclinicapiacenza.it\/home1\/wp-json\/wp\/v2\/categories?post=112"},{"taxonomy":"post_tag","embeddable":true,"href":"https:\/\/www.affittacamerecristalliclinicapiacenza.it\/home1\/wp-json\/wp\/v2\/tags?post=112"}],"curies":[{"name":"wp","href":"https:\/\/api.w.org\/{rel}","templated":true}]}}